{"id":3191,"date":"2026-08-31T10:29:07","date_gmt":"2026-08-31T13:29:07","guid":{"rendered":"https:\/\/himpex.com.br\/?p=3191"},"modified":"2026-08-25T10:31:29","modified_gmt":"2026-08-25T13:31:29","slug":"balanca-comercial-segue-positiva-mas-importacoes-avancam-em-ritmo-mais-acelerado","status":"publish","type":"post","link":"https:\/\/himpex.com.br\/en\/balanca-comercial-segue-positiva-mas-importacoes-avancam-em-ritmo-mais-acelerado\/","title":{"rendered":"Balan\u00e7a comercial segue positiva, mas importa\u00e7\u00f5es avan\u00e7am em ritmo mais acelerado"},"content":{"rendered":"<p>A balan\u00e7a comercial brasileira permanece superavit\u00e1ria em agosto, mas os dados parciais divulgados pela Secretaria de Com\u00e9rcio Exterior (Secex) chamam aten\u00e7\u00e3o para o ritmo das importa\u00e7\u00f5es. As compras externas v\u00eam avan\u00e7ando mais rapidamente que as exporta\u00e7\u00f5es, movimento que influencia o saldo comercial do per\u00edodo.<\/p>\n<p>Os n\u00fameros preliminares at\u00e9 a segunda semana de agosto mostram que o Brasil continua exportando mais do que importa, mantendo a balan\u00e7a no campo positivo. O desempenho, no entanto, ocorre em um cen\u00e1rio de maior expans\u00e3o das entradas de produtos estrangeiros.<\/p>\n<p>Esse movimento tamb\u00e9m merece aten\u00e7\u00e3o pela composi\u00e7\u00e3o das importa\u00e7\u00f5es brasileiras. Parte relevante das compras externas est\u00e1 associada a insumos, componentes, m\u00e1quinas e equipamentos utilizados pela pr\u00f3pria atividade produtiva, fazendo com que o crescimento das importa\u00e7\u00f5es tamb\u00e9m possa refletir mudan\u00e7as na demanda e no ritmo de diferentes setores da economia. Os dados de agosto ainda s\u00e3o preliminares e podem sofrer altera\u00e7\u00f5es at\u00e9 o fechamento do m\u00eas.<\/p>","protected":false},"excerpt":{"rendered":"<p>A balan\u00e7a comercial brasileira permanece superavit\u00e1ria em agosto, mas os dados parciais divulgados pela Secretaria de Com\u00e9rcio Exterior (Secex) chamam aten\u00e7\u00e3o para o ritmo das importa\u00e7\u00f5es. As compras externas v\u00eam avan\u00e7ando mais rapidamente que as exporta\u00e7\u00f5es, movimento que influencia o saldo comercial do per\u00edodo. Os n\u00fameros preliminares at\u00e9 a segunda semana de agosto mostram que [&hellip;]<\/p>","protected":false},"author":2,"featured_media":3192,"comment_status":"closed","ping_status":"closed","sticky":false,"template":"","format":"standard","meta":{"footnotes":""},"categories":[13],"tags":[52,30,122,110,24,18,32],"class_list":["post-3191","post","type-post","status-publish","format-standard","has-post-thumbnail","hentry","category-noticias","tag-comercio-exterior","tag-comex","tag-como-exportar","tag-como-importar","tag-exportacao","tag-importacao","tag-supply-chain"],"_links":{"self":[{"href":"https:\/\/himpex.com.br\/en\/wp-json\/wp\/v2\/posts\/3191","targetHints":{"allow":["GET"]}}],"collection":[{"href":"https:\/\/himpex.com.br\/en\/wp-json\/wp\/v2\/posts"}],"about":[{"href":"https:\/\/himpex.com.br\/en\/wp-json\/wp\/v2\/types\/post"}],"author":[{"embeddable":true,"href":"https:\/\/himpex.com.br\/en\/wp-json\/wp\/v2\/users\/2"}],"replies":[{"embeddable":true,"href":"https:\/\/himpex.com.br\/en\/wp-json\/wp\/v2\/comments?post=3191"}],"version-history":[{"count":1,"href":"https:\/\/himpex.com.br\/en\/wp-json\/wp\/v2\/posts\/3191\/revisions"}],"predecessor-version":[{"id":3193,"href":"https:\/\/himpex.com.br\/en\/wp-json\/wp\/v2\/posts\/3191\/revisions\/3193"}],"wp:featuredmedia":[{"embeddable":true,"href":"https:\/\/himpex.com.br\/en\/wp-json\/wp\/v2\/media\/3192"}],"wp:attachment":[{"href":"https:\/\/himpex.com.br\/en\/wp-json\/wp\/v2\/media?parent=3191"}],"wp:term":[{"taxonomy":"category","embeddable":true,"href":"https:\/\/himpex.com.br\/en\/wp-json\/wp\/v2\/categories?post=3191"},{"taxonomy":"post_tag","embeddable":true,"href":"https:\/\/himpex.com.br\/en\/wp-json\/wp\/v2\/tags?post=3191"}],"curies":[{"name":"wp","href":"https:\/\/api.w.org\/{rel}","templated":true}]}}